{"id":3359,"date":"2023-09-26T06:46:47","date_gmt":"2023-09-26T06:46:47","guid":{"rendered":"https:\/\/wagenaarhoes.nl\/?p=3359"},"modified":"2023-09-26T12:14:09","modified_gmt":"2023-09-26T12:14:09","slug":"nieuwsbrief-najaar-2023","status":"publish","type":"post","link":"https:\/\/wagenaarhoes.nl\/?p=3359","title":{"rendered":"Nieuwsbrief najaar 2023"},"content":{"rendered":"\n<p>Na een zomer waarin weersextremen wereldwijd voorpaginanieuws waren, naderen de Kamerverkiezingen in november. Zullen de nieuwe volksvertegenwoordigers en een nieuw kabinet er in slagen een nieuwe bestuurscultuur vorm te geven en tot oplossingen te komen voor de opgaven, die groot en urgent zijn? Een ding is zeker: het zal niet lukken zonder samenwerking, echte dialoog en verantwoord organiseren. Wij proberen ons steentje daaraan bij te dragen. In deze nieuwsbrief leest u over een aantal manieren waarop wij dat doen. &nbsp;&nbsp;&nbsp;<\/p>\n<p><em>Wij wensen u veel leesplezier en inspiratie!<\/em><\/p>\n<div class=\"is-divider divider clearfix\" style=\"margin-top:1.6em;margin-bottom:1.6em;max-width:464px;height:4px;background-color:rgb(132, 33, 107);\"><\/div>\n\n<header class=\"entry-header\">\n<div class=\"entry-header-text entry-header-text-top text-left\">\n<h1 class=\"entry-title\" style=\"text-align: center;\"><span style=\"font-size: 115%;\"><strong>Uitnodiging<\/strong><\/span><\/h1>\n<\/div>\n<\/header>\n<div class=\"entry-content single-page\">\n<h2 align=\"center\">Symposium Algemene beginselen van behoorlijk organiseren voor het publieke domein<\/h2>\n<h3 class=\"thin-font\">20 november 2023\u00a0 \u2013\u00a0 Theater De Veste in Delft<\/h3>\n<p>Bij alle aandacht voor lef en leiderschap om \u2013 desnoods buiten de lijntjes \u2013 te zorgen dat de juiste dingen gebeuren, waarbij vaak ook wordt gerefereerd aan beginselen van behoorlijk bestuur, wordt nog wel eens vergeten dat er ook zoiets is als<em>\u00a0<strong>behoorlijk organiseren<\/strong>.\u00a0<\/em>Zodanig organiseren dat er geen heldenmoed voor nodig is om de beoogde resultaten te bereiken.<\/p>\n<p>In het publieke domein gaat het daarbij om taken van maatschappelijk belang en om publieke middelen die daarvoor beschikbaar zijn gesteld. Dat legitimeert een normatieve blik op hoe met die taken en middelen wordt omgegaan.<\/p>\n<p>Met inbreng van een aantal vakgenoten en wetenschappers hebben we een voorzet ontwikkeld voor een set algemene beginselen van behoorlijk organiseren in het publieke domein. Die \u2018algemene beginselen van behoorlijk organiseren\u2019 staan centraal tijdens een symposium dat op\u00a0<strong><em>20 november a.s.<\/em><\/strong>\u00a0plaatsvindt in\u00a0<strong><em>Theater de Veste in Delft<\/em><\/strong>. Deelname is kosteloos,\u00a0<a href=\"https:\/\/forms.office.com\/pages\/responsepage.aspx?id=WvoMr36if0OMJv9O4UhuyqYuwT8O46lKsYqbBkfRZplUMjFBUUNTQVZQSkRWWFdCV0o1SFFFUEVEWi4u&amp;web=1&amp;wdLOR=c8293612B-2FFA-4C22-A590-09DB65C4C930\">aanmelden<\/a>\u00a0is wel noodzakelijk.\u00a0\u00a0<\/p>\n<p>Er is een afwisselend programma, met diverse workshops en sprekers als o.a. Mark Frequin, Maarten Schurink, Jan van Zanen, Roos Slegers en Rosanne Franken.<\/p>\n<\/div>\n<div class=\"row\"  id=\"row-754779333\">\n\n\n\t<div id=\"col-545518499\" class=\"col medium-4 small-12 large-4\"  >\n\t\t<div class=\"col-inner\"  >\n\t\t\t\n\t\t\t\n\n<a href=\"https:\/\/wagenaarhoes.nl\/?p=3436\" target=\"_self\" class=\"button primary\"  >\n    <span>Lees meer...<\/span>\n  <\/a>\n\n\n\n\t\t<\/div>\n\t\t\t<\/div>\n\n\t\n\n\t<div id=\"col-199083183\" class=\"col medium-2 small-12 large-2\"  >\n\t\t<div class=\"col-inner\"  >\n\t\t\t\n\t\t\t\n\n\n\t\t<\/div>\n\t\t\t<\/div>\n\n\t\n\n\t<div id=\"col-1725405323\" class=\"col medium-6 small-12 large-6\"  >\n\t\t<div class=\"col-inner\"  >\n\t\t\t\n\t\t\t\n\n<a href=\"https:\/\/wagenaarhoes.nl\/?page_id=2933\" target=\"_self\" class=\"button primary\"  >\n    <span>direct naar symposium pagina<\/span>\n  <\/a>\n\n\n\n\t\t<\/div>\n\t\t\t<\/div>\n\n\t\n\n<\/div>\n<div class=\"row\"  id=\"row-294958268\">\n\n\n\t<div id=\"col-1503376948\" class=\"col medium-3 small-12 large-3\"  >\n\t\t<div class=\"col-inner\"  >\n\t\t\t\n\t\t\t\n\n\n\t\t<\/div>\n\t\t\t<\/div>\n\n\t\n\n\t<div id=\"col-1724766078\" class=\"col medium-6 small-12 large-6\"  >\n\t\t<div class=\"col-inner\"  >\n\t\t\t\n\t\t\t\n\n\t<div class=\"img has-hover x md-x lg-x y md-y lg-y\" id=\"image_1729977913\">\n\t\t\t\t\t\t\t\t<div class=\"img-inner dark\" >\n\t\t\t<img loading=\"lazy\" decoding=\"async\" width=\"566\" height=\"800\" src=\"https:\/\/wagenaarhoes.nl\/wp-content\/uploads\/2023\/07\/Uitnodiging-ABBO-566x800.png\" class=\"attachment-large size-large\" alt=\"\" srcset=\"https:\/\/wagenaarhoes.nl\/wp-content\/uploads\/2023\/07\/Uitnodiging-ABBO-566x800.png 566w, https:\/\/wagenaarhoes.nl\/wp-content\/uploads\/2023\/07\/Uitnodiging-ABBO-283x400.png 283w, https:\/\/wagenaarhoes.nl\/wp-content\/uploads\/2023\/07\/Uitnodiging-ABBO-768x1086.png 768w, https:\/\/wagenaarhoes.nl\/wp-content\/uploads\/2023\/07\/Uitnodiging-ABBO-1086x1536.png 1086w, https:\/\/wagenaarhoes.nl\/wp-content\/uploads\/2023\/07\/Uitnodiging-ABBO-1448x2048.png 1448w, https:\/\/wagenaarhoes.nl\/wp-content\/uploads\/2023\/07\/Uitnodiging-ABBO.png 1587w\" sizes=\"auto, (max-width: 566px) 100vw, 566px\" \/>\t\t\t\t\t\t\n\t\t\t\t\t<\/div>\n\t\t\t\t\t\t\t\t\n<style>\n#image_1729977913 {\n  width: 100%;\n}\n<\/style>\n\t<\/div>\n\t\n\n\n\t\t<\/div>\n\t\t\t<\/div>\n\n\t\n\n\t<div id=\"col-837420872\" class=\"col medium-3 small-12 large-3\"  >\n\t\t<div class=\"col-inner\"  >\n\t\t\t\n\t\t\t\n\n\n\t\t<\/div>\n\t\t\t<\/div>\n\n\t\n\n<\/div>\n<div class=\"is-divider divider clearfix\" ><\/div>\n\n<div class=\"row\"  id=\"row-905301066\">\n\n\n\t<div id=\"col-587370469\" class=\"col medium-7 small-12 large-7\"  >\n\t\t<div class=\"col-inner\"  >\n\t\t\t\n\t\t\t\n\n<header class=\"entry-header\">\n<div class=\"entry-header-text entry-header-text-top text-left\">\n<h1 class=\"entry-title\">Succesvol omgaan met capaciteitsstress<\/h1>\n<\/div>\n<\/header>\n<div class=\"entry-content single-page\">\n<p>Hoe gaan gemeentesecretarissen om met de spanning tussen ambities en beschikbare capaciteit\u2019<\/p>\n<p>Al enige jaren hebben we in Nederland te maken met een sterk oplopend personeelstekort. Dit tekort loopt naar verwachting de komende jaren alleen maar verder op. Ook gemeenten ontkomen niet aan deze ontwikkeling. De tekorten hebben effect op de dienstverlening en kunnen de ambities van colleges behoorlijk onder druk zetten. Hoe gaat de gemeentesecretaris \/ algemeen directeur, als schakel tussen bestuur en organisatie, met dit toenemende spanningsveld om? Hoe vindt zij haar weg tussen het in toom houden van de ambities en het optimaliseren van de ambtelijke realisatiekracht? Hoe zorgt zij ervoor dat er (weer) balans ontstaat en de gemeente duurzaam optimaal blijft functioneren? In dit artikel ga ik, aan de hand van een conceptueel model, dieper in op de resultaten van de gesprekken die ik recent daarover met een aantal gemeentesecretarissen voerde.<\/p>\n<\/div>\n<a href=\"https:\/\/wagenaarhoes.nl\/?p=3364\" target=\"_self\" class=\"button primary\"  >\n    <span>Lees meer...<\/span>\n  <\/a>\n\n\n\n\t\t<\/div>\n\t\t\t<\/div>\n\n\t\n\n\t<div id=\"col-277429622\" class=\"col medium-5 small-12 large-5\"  >\n\t\t<div class=\"col-inner\"  >\n\t\t\t\n\t\t\t\n\n<div class=\"is-divider divider clearfix\" style=\"max-width:0px;height:166px;\"><\/div>\n\n\t<div class=\"img has-hover x md-x lg-x y md-y lg-y\" id=\"image_1406036936\">\n\t\t\t\t\t\t\t\t<div class=\"img-inner dark\" >\n\t\t\t<img loading=\"lazy\" decoding=\"async\" width=\"741\" height=\"379\" src=\"https:\/\/wagenaarhoes.nl\/wp-content\/uploads\/2023\/09\/fig-1.png\" class=\"attachment-medium size-medium\" alt=\"\" \/>\t\t\t\t\t\t\n\t\t\t\t\t<\/div>\n\t\t\t\t\t\t\t\t\n<style>\n#image_1406036936 {\n  width: 100%;\n}\n<\/style>\n\t<\/div>\n\t\n\n\n\t\t<\/div>\n\t\t\t<\/div>\n\n\t\n\n<\/div>\n<div class=\"is-divider divider clearfix\" style=\"max-width:250px;background-color:rgb(0, 63, 135);\"><\/div>\n\n<h1 class=\"entry-title\">Algemene beginselen van behoorlijk organiseren voor het publieke domein (8):<\/h1>\n<h2>Het contingency beginsel<\/h2>\n<p style=\"text-align: left;\"><img loading=\"lazy\" decoding=\"async\" class=\"wp-image-3340 alignleft\" src=\"https:\/\/wagenaarhoes.nl\/wp-content\/uploads\/2023\/08\/carabiner-4420632_1920-267x400.jpg\" alt=\"\" width=\"159\" height=\"238\" srcset=\"https:\/\/wagenaarhoes.nl\/wp-content\/uploads\/2023\/08\/carabiner-4420632_1920-267x400.jpg 267w, https:\/\/wagenaarhoes.nl\/wp-content\/uploads\/2023\/08\/carabiner-4420632_1920-533x800.jpg 533w, https:\/\/wagenaarhoes.nl\/wp-content\/uploads\/2023\/08\/carabiner-4420632_1920-768x1152.jpg 768w, https:\/\/wagenaarhoes.nl\/wp-content\/uploads\/2023\/08\/carabiner-4420632_1920-1024x1536.jpg 1024w, https:\/\/wagenaarhoes.nl\/wp-content\/uploads\/2023\/08\/carabiner-4420632_1920.jpg 1280w\" sizes=\"auto, (max-width: 159px) 100vw, 159px\" \/>Het<strong>&nbsp;<em>contingency beginsel<\/em>&nbsp;<\/strong>houdt in dat keuzes ten aanzien van de organisatie altijd afgestemd moeten zijn op de omgeving van de organisatie. Met andere woorden: een organisatie functioneert in een context en is geen apparaat (ook al wordt vaak gesproken van \u2018het ambtelijk apparaat\u2019) dat los van de context waarin het zich bevindt geoptimaliseerd kan worden. Het contingency beginsel relativeert daarmee ook organisatie- en managementhypes en bestrijdt het idee dat \u2018best practices\u2019 en \u2018evidence based\u2019 methoden succesvol elders ge\u00efmplementeerd kunnen worden als daarbij geen goede analyse van en afstemming op de omgeving plaatsvindt.<\/p>\n<p>&nbsp;<\/p>\n<div class=\"row\"  id=\"row-721428402\">\n\n\n\t<div id=\"col-411701234\" class=\"col medium-9 small-12 large-9\"  >\n\t\t<div class=\"col-inner\"  >\n\t\t\t\n\t\t\t\n\n<a href=\"https:\/\/wagenaarhoes.nl\/?p=3338\" target=\"_self\" class=\"button primary\"  >\n    <span>Lees meer...<\/span>\n  <\/a>\n\n\n<div class=\"is-divider divider clearfix\" style=\"max-width:250px;background-color:rgb(0, 63, 135);\"><\/div>\n\n<header class=\"entry-header\">\n<div class=\"entry-header-text entry-header-text-top text-left\">\n<h1 class=\"entry-title\">Ik zie, ik zie, wat jij niet ziet<\/h1>\n<\/div>\n<\/header>\n<div class=\"entry-content single-page\">\n<p>Eerstejaars studenten psychologie oefenen in zes sessies in communicatie en samenwerking. Het is een verplicht onderdeel en wij zijn de trainers, student- stagiaires in de laatste fase van onze studie sociale psychologie. We hebben ons dagen voorbereid. Introductie, rollenspel, nabespreking, ik leg het programma van de middag heel precies uit.<\/p>\n<p>\u2018Wat is de zin van zo\u2019n toneelstukje?\u2019 vraagt een deelnemer plompverloren. \u2018We zijn toch geen acteurs!\u2019<\/p>\n<p>Ik schrik. Ze heeft zich net vriendelijk voorgesteld als Els. Waarom doet ze moeilijk, gaat ze de boel in het honderd gooien? Ik improviseer een antwoord.<\/p>\n<\/div>\n<a href=\"https:\/\/wagenaarhoes.nl\/?p=3372\" target=\"_self\" class=\"button primary\"  >\n    <span>Lees meer...<\/span>\n  <\/a>\n\n\n\n\t\t<\/div>\n\t\t\t<\/div>\n\n\t\n\n\t<div id=\"col-2100355497\" class=\"col medium-3 small-12 large-3\"  >\n\t\t<div class=\"col-inner\"  >\n\t\t\t\n\t\t\t\n\n<div class=\"is-divider divider clearfix\" style=\"max-width:0px;height:132px;\"><\/div>\n\n\t<div class=\"img has-hover x md-x lg-x y md-y lg-y\" id=\"image_905300302\">\n\t\t\t\t\t\t\t\t<div class=\"img-inner dark\" >\n\t\t\t<img loading=\"lazy\" decoding=\"async\" width=\"1020\" height=\"678\" src=\"https:\/\/wagenaarhoes.nl\/wp-content\/uploads\/2023\/09\/capacitor-1835729_1280-1203x800.jpg\" class=\"attachment-large size-large\" alt=\"\" srcset=\"https:\/\/wagenaarhoes.nl\/wp-content\/uploads\/2023\/09\/capacitor-1835729_1280-1203x800.jpg 1203w, https:\/\/wagenaarhoes.nl\/wp-content\/uploads\/2023\/09\/capacitor-1835729_1280-602x400.jpg 602w, https:\/\/wagenaarhoes.nl\/wp-content\/uploads\/2023\/09\/capacitor-1835729_1280-768x511.jpg 768w, https:\/\/wagenaarhoes.nl\/wp-content\/uploads\/2023\/09\/capacitor-1835729_1280.jpg 1280w\" sizes=\"auto, (max-width: 1020px) 100vw, 1020px\" \/>\t\t\t\t\t\t\n\t\t\t\t\t<\/div>\n\t\t\t\t\t\t\t\t\n<style>\n#image_905300302 {\n  width: 100%;\n}\n<\/style>\n\t<\/div>\n\t\n\n\n\t\t<\/div>\n\t\t\t<\/div>\n\n\t\n\n<\/div>\n<div class=\"is-divider divider clearfix\" style=\"max-width:250px;background-color:rgb(0, 63, 135);\"><\/div>\n\n<div class=\"row\"  id=\"row-1089675504\">\n\n\n\t<div id=\"col-320877676\" class=\"col medium-5 small-12 large-5\"  >\n\t\t<div class=\"col-inner\"  >\n\t\t\t\n\t\t\t\n\n\t<div class=\"img has-hover x md-x lg-x y md-y lg-y\" id=\"image_1592113961\">\n\t\t\t\t\t\t\t\t<div class=\"img-inner dark\" >\n\t\t\t<img loading=\"lazy\" decoding=\"async\" width=\"210\" height=\"400\" src=\"https:\/\/wagenaarhoes.nl\/wp-content\/uploads\/2023\/09\/markink-210x400.jpg\" class=\"attachment-medium size-medium\" alt=\"\" srcset=\"https:\/\/wagenaarhoes.nl\/wp-content\/uploads\/2023\/09\/markink-210x400.jpg 210w, https:\/\/wagenaarhoes.nl\/wp-content\/uploads\/2023\/09\/markink-420x800.jpg 420w, https:\/\/wagenaarhoes.nl\/wp-content\/uploads\/2023\/09\/markink-768x1462.jpg 768w, https:\/\/wagenaarhoes.nl\/wp-content\/uploads\/2023\/09\/markink.jpg 770w\" sizes=\"auto, (max-width: 210px) 100vw, 210px\" \/>\t\t\t\t\t\t\n\t\t\t\t\t<\/div>\n\t\t\t\t\t\t\t\t\n<style>\n#image_1592113961 {\n  width: 100%;\n}\n<\/style>\n\t<\/div>\n\t\n\n\n\t\t<\/div>\n\t\t\t<\/div>\n\n\t\n\n\t<div id=\"col-371648693\" class=\"col medium-7 small-12 large-7\"  >\n\t\t<div class=\"col-inner\"  >\n\t\t\t\n\t\t\t\n\n<header class=\"entry-header\">\n<div class=\"entry-header-text entry-header-text-top text-left\">\n<h1 class=\"entry-title\">In gesprek met\u2026 Jan Markink, bestuurder en voormalig gedeputeerde van de provincie Gelderland<\/h1>\n<p>Het is alweer een tijd geleden dat ik Jan Markink voor het laatst ontmoette. Ik was toen secretaris-directeur van Regio Foodvalley en Markink was gedeputeerde in Gelderland. Ik ken Jan als benaderbaar en hartelijk, maar ik kende hem niet zo als een fanatiek Twitteraar. Wellicht dat daarom een tijdje geleden mijn oog viel op een Twitter-bericht van hem, met een verwijzing naar het artikel in Telegraaf. De inhoud sprak mij aan. Voor mij genoeg reden om naar Borculo te reizen voor mijn \u2018In gesprek met\u2019.<\/p>\n<p>Jan Markink ontvangt mij bij hem thuis, een mooie woning naast de boerderij waar hij geboren en getogen is. Een deel van de stallen en het land heeft Jan nog steeds.<\/p>\n<\/div>\n<\/header>\n<a href=\"https:\/\/wagenaarhoes.nl\/?p=3358\" target=\"_self\" class=\"button primary\"  >\n    <span>Lees meer...<\/span>\n  <\/a>\n\n\n\n\t\t<\/div>\n\t\t\t<\/div>\n\n\t\n\n<\/div>\n<div class=\"row\"  id=\"row-338605653\">\n\n\n\t<div id=\"col-265620135\" class=\"col medium-6 small-12 large-6\"  >\n\t\t<div class=\"col-inner\"  >\n\t\t\t\n\t\t\t\n\n<div class=\"is-divider divider clearfix\" style=\"max-width:0px;height:37px;\"><\/div>\n\n\t<div class=\"img has-hover x md-x lg-x y md-y lg-y\" id=\"image_1739218864\">\n\t\t\t\t\t\t\t\t<div class=\"img-inner dark\" >\n\t\t\t<img loading=\"lazy\" decoding=\"async\" width=\"512\" height=\"400\" src=\"https:\/\/wagenaarhoes.nl\/wp-content\/uploads\/2023\/09\/huis-van-de-toekomst-512x400.jpg\" class=\"attachment-medium size-medium\" alt=\"\" srcset=\"https:\/\/wagenaarhoes.nl\/wp-content\/uploads\/2023\/09\/huis-van-de-toekomst-512x400.jpg 512w, https:\/\/wagenaarhoes.nl\/wp-content\/uploads\/2023\/09\/huis-van-de-toekomst-768x600.jpg 768w, https:\/\/wagenaarhoes.nl\/wp-content\/uploads\/2023\/09\/huis-van-de-toekomst.jpg 852w\" sizes=\"auto, (max-width: 512px) 100vw, 512px\" \/>\t\t\t\t\t\t\n\t\t\t\t\t<\/div>\n\t\t\t\t\t\t\t\t\n<style>\n#image_1739218864 {\n  width: 100%;\n}\n<\/style>\n\t<\/div>\n\t\n\n\n\t\t<\/div>\n\t\t\t<\/div>\n\n\t\n\n\t<div id=\"col-509122253\" class=\"col medium-6 small-12 large-6\"  >\n\t\t<div class=\"col-inner\"  >\n\t\t\t\n\t\t\t\n\n<h3><strong>WagenaarHoes verhuist en wordt partner op Landgoed Zonheuvel<\/strong><\/h3>\n<p>De missie van WagenaarHoes is om duurzame resultaten te bereiken voor onze opdrachtgevers bij het doorgronden en aanpakken van lastige vraagstukken. Duurzaamheid is voor ons een belangrijke waarde in ons werk en willen we ook tot uiting laten komen in wie wij zijn en wat wij doen. We hebben daarom vanuit deze overtuiging een keus gemaakt om partner worden in een duurzaam en sociaal concept. Vanaf 1 september hebben we ons pand aan de Driebergsestraatweg 9 in Doorn verruild voor een prachtige nieuwe verblijfplaats op <a href=\"https:\/\/landgoedzonheuvel.nl\/\">Landgoed Zonheuvel<\/a> aan de Amersfoortseweg 94 in Doorn. Dit Landgoed is niet zomaar een landgoed: het is een verzameling van bedrijven en maatschappelijke organisaties die zich sterk maken voor natuur, mens en dier en duurzaamheid hoog in het vaandel hebben staan.<\/p>\n<a href=\"https:\/\/wagenaarhoes.nl\/?p=3421\" target=\"_self\" class=\"button primary\"  >\n    <span>Lees meer...<\/span>\n  <\/a>\n\n\n\n\t\t<\/div>\n\t\t\t<\/div>\n\n\t\n\n<\/div>\n<div class=\"row\"  id=\"row-638892114\">\n\n\n\t<div id=\"col-1404525531\" class=\"col medium-6 small-12 large-6\"  >\n\t\t<div class=\"col-inner\"  >\n\t\t\t\n\t\t\t\n\n<h1 class=\"entry-title\">Aanbod: workshop \u2018Dialoog\u2019 voor gemeenten en aanbieders in het sociaal domein<\/h1>\n<p>Iedereen kent wel het plaatje van twee personen die naar een 6 \u2013 of was het toch een 9? \u2013 kijken. Beiden kijken naar hetzelfde, maar zien wat anders. Het kan leiden tot hopeloos verwarrende gesprekken en zelfs tot onbegrip. Eigenlijk gaat de Workshop Dialoog daarover: hoe kunnen aanbieders in het sociaal domein en&nbsp;gemeenten elkaar beter gaan verstaan? Met als doel dat door betere communicatie de samenwerking bevorderd wordt \u2013 en meer resultaten worden bereikt. Resultaten voor inwoners. Inwoners die immers \u00f3\u00f3k cli\u00ebnt zijn.<\/p>\n<a href=\"https:\/\/wagenaarhoes.nl\/?p=3411\" target=\"_self\" class=\"button primary\"  >\n    <span>Lees meer...<\/span>\n  <\/a>\n\n\n\n\t\t<\/div>\n\t\t\t<\/div>\n\n\t\n\n\t<div id=\"col-1486629992\" class=\"col medium-6 small-12 large-6\"  >\n\t\t<div class=\"col-inner\"  >\n\t\t\t\n\t\t\t\n\n<div class=\"is-divider divider clearfix\" ><\/div>\n\n\t<div class=\"img has-hover x md-x lg-x y md-y lg-y\" id=\"image_1807702785\">\n\t\t\t\t\t\t\t\t<div class=\"img-inner dark\" >\n\t\t\t<img loading=\"lazy\" decoding=\"async\" width=\"496\" height=\"400\" src=\"https:\/\/wagenaarhoes.nl\/wp-content\/uploads\/2023\/09\/cartoon-6-9-496x400.jpeg\" class=\"attachment-medium size-medium\" alt=\"\" srcset=\"https:\/\/wagenaarhoes.nl\/wp-content\/uploads\/2023\/09\/cartoon-6-9-496x400.jpeg 496w, https:\/\/wagenaarhoes.nl\/wp-content\/uploads\/2023\/09\/cartoon-6-9.jpeg 600w\" sizes=\"auto, (max-width: 496px) 100vw, 496px\" \/>\t\t\t\t\t\t\n\t\t\t\t\t<\/div>\n\t\t\t\t\t\t\t\t\n<style>\n#image_1807702785 {\n  width: 100%;\n}\n<\/style>\n\t<\/div>\n\t\n\n\n\t\t<\/div>\n\t\t\t<\/div>\n\n\t\n\n<\/div>\n\n","protected":false},"excerpt":{"rendered":"","protected":false},"author":5,"featured_media":3423,"comment_status":"closed","ping_status":"open","sticky":false,"template":"","format":"standard","meta":{"_jetpack_memberships_contains_paid_content":false,"footnotes":""},"categories":[57,50],"tags":[],"class_list":["post-3359","post","type-post","status-publish","format-standard","has-post-thumbnail","hentry","category-nieuws","category-nieuwsbrief"],"jetpack_featured_media_url":"https:\/\/wagenaarhoes.nl\/wp-content\/uploads\/2023\/09\/huis-van-de-toekomst.jpg","jetpack_sharing_enabled":true,"_links":{"self":[{"href":"https:\/\/wagenaarhoes.nl\/index.php?rest_route=\/wp\/v2\/posts\/3359","targetHints":{"allow":["GET"]}}],"collection":[{"href":"https:\/\/wagenaarhoes.nl\/index.php?rest_route=\/wp\/v2\/posts"}],"about":[{"href":"https:\/\/wagenaarhoes.nl\/index.php?rest_route=\/wp\/v2\/types\/post"}],"author":[{"embeddable":true,"href":"https:\/\/wagenaarhoes.nl\/index.php?rest_route=\/wp\/v2\/users\/5"}],"replies":[{"embeddable":true,"href":"https:\/\/wagenaarhoes.nl\/index.php?rest_route=%2Fwp%2Fv2%2Fcomments&post=3359"}],"version-history":[{"count":35,"href":"https:\/\/wagenaarhoes.nl\/index.php?rest_route=\/wp\/v2\/posts\/3359\/revisions"}],"predecessor-version":[{"id":3455,"href":"https:\/\/wagenaarhoes.nl\/index.php?rest_route=\/wp\/v2\/posts\/3359\/revisions\/3455"}],"wp:featuredmedia":[{"embeddable":true,"href":"https:\/\/wagenaarhoes.nl\/index.php?rest_route=\/wp\/v2\/media\/3423"}],"wp:attachment":[{"href":"https:\/\/wagenaarhoes.nl\/index.php?rest_route=%2Fwp%2Fv2%2Fmedia&parent=3359"}],"wp:term":[{"taxonomy":"category","embeddable":true,"href":"https:\/\/wagenaarhoes.nl\/index.php?rest_route=%2Fwp%2Fv2%2Fcategories&post=3359"},{"taxonomy":"post_tag","embeddable":true,"href":"https:\/\/wagenaarhoes.nl\/index.php?rest_route=%2Fwp%2Fv2%2Ftags&post=3359"}],"curies":[{"name":"wp","href":"https:\/\/api.w.org\/{rel}","templated":true}]}}